{"id":1012,"date":"2016-08-29T18:05:32","date_gmt":"2016-08-29T17:05:32","guid":{"rendered":"http:\/\/mairie-baneins.fr\/wordpress\/?p=1012"},"modified":"2018-02-26T19:39:39","modified_gmt":"2018-02-26T18:39:39","slug":"comite-des-fetes","status":"publish","type":"post","link":"http:\/\/mairie-baneins.fr\/wordpress\/?p=1012","title":{"rendered":"Comit\u00e9 d&#8217;animation"},"content":{"rendered":"<p>Pr\u00e9sidence : Madame Laetitia VANTHOURNOUT &#8211; t\u00e9l. 0668331999<\/p>\n<p>Pour tous renseignements compl\u00e9mentaires : s&#8217;adresser en mairie<\/p>\n","protected":false},"excerpt":{"rendered":"<p>Pr\u00e9sidence : Madame Laetitia VANTHOURNOUT &#8211; t\u00e9l. 0668331999 Pour tous renseignements compl\u00e9mentaires : s&#8217;adresser en mairie<\/p>\n","protected":false},"author":1,"featured_media":0,"comment_status":"closed","ping_status":"closed","sticky":false,"template":"","format":"standard","meta":{"footnotes":""},"categories":[56],"tags":[],"class_list":["post-1012","post","type-post","status-publish","format-standard","hentry","category-vie-associative"],"_links":{"self":[{"href":"http:\/\/mairie-baneins.fr\/wordpress\/index.php?rest_route=\/wp\/v2\/posts\/1012","targetHints":{"allow":["GET"]}}],"collection":[{"href":"http:\/\/mairie-baneins.fr\/wordpress\/index.php?rest_route=\/wp\/v2\/posts"}],"about":[{"href":"http:\/\/mairie-baneins.fr\/wordpress\/index.php?rest_route=\/wp\/v2\/types\/post"}],"author":[{"embeddable":true,"href":"http:\/\/mairie-baneins.fr\/wordpress\/index.php?rest_route=\/wp\/v2\/users\/1"}],"replies":[{"embeddable":true,"href":"http:\/\/mairie-baneins.fr\/wordpress\/index.php?rest_route=%2Fwp%2Fv2%2Fcomments&post=1012"}],"version-history":[{"count":6,"href":"http:\/\/mairie-baneins.fr\/wordpress\/index.php?rest_route=\/wp\/v2\/posts\/1012\/revisions"}],"predecessor-version":[{"id":1346,"href":"http:\/\/mairie-baneins.fr\/wordpress\/index.php?rest_route=\/wp\/v2\/posts\/1012\/revisions\/1346"}],"wp:attachment":[{"href":"http:\/\/mairie-baneins.fr\/wordpress\/index.php?rest_route=%2Fwp%2Fv2%2Fmedia&parent=1012"}],"wp:term":[{"taxonomy":"category","embeddable":true,"href":"http:\/\/mairie-baneins.fr\/wordpress\/index.php?rest_route=%2Fwp%2Fv2%2Fcategories&post=1012"},{"taxonomy":"post_tag","embeddable":true,"href":"http:\/\/mairie-baneins.fr\/wordpress\/index.php?rest_route=%2Fwp%2Fv2%2Ftags&post=1012"}],"curies":[{"name":"wp","href":"https:\/\/api.w.org\/{rel}","templated":true}]}}