{"id":1127,"date":"2016-11-26T12:28:02","date_gmt":"2016-11-26T11:28:02","guid":{"rendered":"http:\/\/mairie-baneins.fr\/wordpress\/?p=1127"},"modified":"2022-02-13T19:43:05","modified_gmt":"2022-02-13T18:43:05","slug":"pistes-pour-un-territoire-durable","status":"publish","type":"post","link":"http:\/\/mairie-baneins.fr\/wordpress\/?p=1127","title":{"rendered":"Pistes pour un territoire durable"},"content":{"rendered":"<p>Le d\u00e9veloppement durable, une opportunit\u00e9 \u00e0 saisir !\u00a0\u00bb, ce document publi\u00e9 par le R.A.R.E (R\u00c9SEAU DES AGENCES R\u00c9GIONALES DE L\u2019\u00c9NERGIE ET DE L\u2019ENVIRONNEMENT) a pour vocation de stimuler la r\u00e9flexion, la cr\u00e9ativit\u00e9 et l\u2019action des futurs \u00e9lu(e)s et de leurs \u00e9quipes, au travers de leur programme de campagne.<\/p>\n<iframe src=\"\/\/docs.google.com\/viewer?url=http%3A%2F%2Fmairie-baneins.fr%2Fwordpress%2Fwp-content%2Fuploads%2F2016%2F12%2Frare_livret_municipales.pdf&hl=fr&embedded=true\" class=\"gde-frame\" style=\"width:100%; height:500px; border: none;\" scrolling=\"no\"><\/iframe>\n<p class=\"gde-text\"><a href=\"http:\/\/mairie-baneins.fr\/wordpress\/wp-content\/uploads\/2016\/12\/rare_livret_municipales.pdf\" class=\"gde-link\">T\u00e9l\u00e9charger (PDF, 2.22Mo)<\/a><\/p>\n","protected":false},"excerpt":{"rendered":"<p>Le d\u00e9veloppement durable, une opportunit\u00e9 \u00e0 saisir !\u00a0\u00bb, ce document publi\u00e9 par le R.A.R.E (R\u00c9SEAU DES AGENCES R\u00c9GIONALES DE L\u2019\u00c9NERGIE ET DE L\u2019ENVIRONNEMENT) a pour vocation de stimuler la r\u00e9flexion, la cr\u00e9ativit\u00e9 et l\u2019action des futurs \u00e9lu(e)s et de leurs \u00e9quipes, au travers de leur programme de campagne.<\/p>\n","protected":false},"author":1,"featured_media":1130,"comment_status":"closed","ping_status":"closed","sticky":false,"template":"","format":"standard","meta":{"footnotes":""},"categories":[81],"tags":[],"class_list":["post-1127","post","type-post","status-publish","format-standard","has-post-thumbnail","hentry","category-vie-economique"],"_links":{"self":[{"href":"http:\/\/mairie-baneins.fr\/wordpress\/index.php?rest_route=\/wp\/v2\/posts\/1127","targetHints":{"allow":["GET"]}}],"collection":[{"href":"http:\/\/mairie-baneins.fr\/wordpress\/index.php?rest_route=\/wp\/v2\/posts"}],"about":[{"href":"http:\/\/mairie-baneins.fr\/wordpress\/index.php?rest_route=\/wp\/v2\/types\/post"}],"author":[{"embeddable":true,"href":"http:\/\/mairie-baneins.fr\/wordpress\/index.php?rest_route=\/wp\/v2\/users\/1"}],"replies":[{"embeddable":true,"href":"http:\/\/mairie-baneins.fr\/wordpress\/index.php?rest_route=%2Fwp%2Fv2%2Fcomments&post=1127"}],"version-history":[{"count":1,"href":"http:\/\/mairie-baneins.fr\/wordpress\/index.php?rest_route=\/wp\/v2\/posts\/1127\/revisions"}],"predecessor-version":[{"id":1129,"href":"http:\/\/mairie-baneins.fr\/wordpress\/index.php?rest_route=\/wp\/v2\/posts\/1127\/revisions\/1129"}],"wp:featuredmedia":[{"embeddable":true,"href":"http:\/\/mairie-baneins.fr\/wordpress\/index.php?rest_route=\/wp\/v2\/media\/1130"}],"wp:attachment":[{"href":"http:\/\/mairie-baneins.fr\/wordpress\/index.php?rest_route=%2Fwp%2Fv2%2Fmedia&parent=1127"}],"wp:term":[{"taxonomy":"category","embeddable":true,"href":"http:\/\/mairie-baneins.fr\/wordpress\/index.php?rest_route=%2Fwp%2Fv2%2Fcategories&post=1127"},{"taxonomy":"post_tag","embeddable":true,"href":"http:\/\/mairie-baneins.fr\/wordpress\/index.php?rest_route=%2Fwp%2Fv2%2Ftags&post=1127"}],"curies":[{"name":"wp","href":"https:\/\/api.w.org\/{rel}","templated":true}]}}