{"id":1165,"date":"2017-06-09T20:43:43","date_gmt":"2017-06-09T19:43:43","guid":{"rendered":"http:\/\/mairie-baneins.fr\/wordpress\/?p=1165"},"modified":"2022-02-13T19:43:56","modified_gmt":"2022-02-13T18:43:56","slug":"lecole-de-baneins-en-classe-verte-a-lelex","status":"publish","type":"post","link":"http:\/\/mairie-baneins.fr\/wordpress\/?p=1165","title":{"rendered":"L&#8217;\u00e9cole de Baneins en classe verte \u00e0 Lelex"},"content":{"rendered":"<figure id=\"attachment_1191\" aria-describedby=\"caption-attachment-1191\" style=\"width: 300px\" class=\"wp-caption aligncenter\"><img loading=\"lazy\" decoding=\"async\" class=\"size-medium wp-image-1191\" src=\"http:\/\/mairie-baneins.fr\/wordpress\/wp-content\/uploads\/2017\/06\/P1100514-300x225.jpg\" alt=\"\" width=\"300\" height=\"225\" srcset=\"http:\/\/mairie-baneins.fr\/wordpress\/wp-content\/uploads\/2017\/06\/P1100514-300x225.jpg 300w, http:\/\/mairie-baneins.fr\/wordpress\/wp-content\/uploads\/2017\/06\/P1100514-768x576.jpg 768w, http:\/\/mairie-baneins.fr\/wordpress\/wp-content\/uploads\/2017\/06\/P1100514-1024x768.jpg 1024w, http:\/\/mairie-baneins.fr\/wordpress\/wp-content\/uploads\/2017\/06\/P1100514-200x150.jpg 200w, http:\/\/mairie-baneins.fr\/wordpress\/wp-content\/uploads\/2017\/06\/P1100514-150x113.jpg 150w, http:\/\/mairie-baneins.fr\/wordpress\/wp-content\/uploads\/2017\/06\/P1100514-160x120.jpg 160w\" sizes=\"auto, (max-width: 300px) 100vw, 300px\" \/><figcaption id=\"caption-attachment-1191\" class=\"wp-caption-text\">Les \u00e9l\u00e8ves heureux de leur s\u00e9jour.<\/figcaption><\/figure>\n<p>Pendant trois jours du 22 au 24 mai, 70 \u00e9l\u00e8ves de l\u2019\u00e9cole de Baneins sont partis d\u00e9couvrir des activit\u00e9s de pleine nature en moyenne montagne \u00e0 Lelex. Ce projet d\u2019\u00e9cole a lieu tous les 7 ans. Il a pour but d\u2019emmener l\u2019ensemble de l\u2019\u00e9cole (petite section mise \u00e0 part) en classe verte, pour leur faire d\u00e9couvrir la vie en collectivit\u00e9, d\u2019autres lieux et des activit\u00e9s nouvelles.<\/p>\n","protected":false},"excerpt":{"rendered":"<p>Pendant trois jours du 22 au 24 mai, 70 \u00e9l\u00e8ves de l\u2019\u00e9cole de Baneins sont partis d\u00e9couvrir des activit\u00e9s de pleine nature en moyenne montagne \u00e0 Lelex. Ce projet d\u2019\u00e9cole a lieu tous les 7 ans. Il a pour but d\u2019emmener l\u2019ensemble de l\u2019\u00e9cole (petite section mise \u00e0 part) en classe verte, pour leur faire [&hellip;]<\/p>\n","protected":false},"author":1,"featured_media":0,"comment_status":"closed","ping_status":"closed","sticky":false,"template":"","format":"standard","meta":{"footnotes":""},"categories":[90],"tags":[],"class_list":["post-1165","post","type-post","status-publish","format-standard","hentry","category-ecole"],"_links":{"self":[{"href":"http:\/\/mairie-baneins.fr\/wordpress\/index.php?rest_route=\/wp\/v2\/posts\/1165","targetHints":{"allow":["GET"]}}],"collection":[{"href":"http:\/\/mairie-baneins.fr\/wordpress\/index.php?rest_route=\/wp\/v2\/posts"}],"about":[{"href":"http:\/\/mairie-baneins.fr\/wordpress\/index.php?rest_route=\/wp\/v2\/types\/post"}],"author":[{"embeddable":true,"href":"http:\/\/mairie-baneins.fr\/wordpress\/index.php?rest_route=\/wp\/v2\/users\/1"}],"replies":[{"embeddable":true,"href":"http:\/\/mairie-baneins.fr\/wordpress\/index.php?rest_route=%2Fwp%2Fv2%2Fcomments&post=1165"}],"version-history":[{"count":4,"href":"http:\/\/mairie-baneins.fr\/wordpress\/index.php?rest_route=\/wp\/v2\/posts\/1165\/revisions"}],"predecessor-version":[{"id":1224,"href":"http:\/\/mairie-baneins.fr\/wordpress\/index.php?rest_route=\/wp\/v2\/posts\/1165\/revisions\/1224"}],"wp:attachment":[{"href":"http:\/\/mairie-baneins.fr\/wordpress\/index.php?rest_route=%2Fwp%2Fv2%2Fmedia&parent=1165"}],"wp:term":[{"taxonomy":"category","embeddable":true,"href":"http:\/\/mairie-baneins.fr\/wordpress\/index.php?rest_route=%2Fwp%2Fv2%2Fcategories&post=1165"},{"taxonomy":"post_tag","embeddable":true,"href":"http:\/\/mairie-baneins.fr\/wordpress\/index.php?rest_route=%2Fwp%2Fv2%2Ftags&post=1165"}],"curies":[{"name":"wp","href":"https:\/\/api.w.org\/{rel}","templated":true}]}}