{"id":1382,"date":"2018-07-09T17:27:06","date_gmt":"2018-07-09T16:27:06","guid":{"rendered":"http:\/\/mairie-baneins.fr\/wordpress\/?p=1382"},"modified":"2022-02-13T19:44:49","modified_gmt":"2022-02-13T18:44:49","slug":"fete-du-village-2018","status":"publish","type":"post","link":"http:\/\/mairie-baneins.fr\/wordpress\/?p=1382","title":{"rendered":"fete du village 2018 : Bravo !"},"content":{"rendered":"<p>La f\u00eate du village s&#8217;est d\u00e9roul\u00e9e samedi 16 Juin sous le soleil.<br \/>\nSur le th\u00e8me de la f\u00eate de la bi\u00e8re, tout s&#8217;est d\u00e9roul\u00e9 au plan d&#8217;eau : les jeux, d\u00e8s l&#8217;apr\u00e8s-midi, puis les repas et enfin le bal.<br \/>\nCouronn\u00e9e par un magnifique feu d&#8217;artifice, la f\u00eate du village a \u00e9t\u00e9 une belle r\u00e9ussite ! <\/p>\n","protected":false},"excerpt":{"rendered":"<p>La f\u00eate du village s&#8217;est d\u00e9roul\u00e9e samedi 16 Juin sous le soleil. Sur le th\u00e8me de la f\u00eate de la bi\u00e8re, tout s&#8217;est d\u00e9roul\u00e9 au plan d&#8217;eau : les jeux, d\u00e8s l&#8217;apr\u00e8s-midi, puis les repas et enfin le bal. Couronn\u00e9e par un magnifique feu d&#8217;artifice, la f\u00eate du village a \u00e9t\u00e9 une belle r\u00e9ussite !<\/p>\n","protected":false},"author":1,"featured_media":1383,"comment_status":"closed","ping_status":"closed","sticky":false,"template":"","format":"standard","meta":{"footnotes":""},"categories":[56],"tags":[],"class_list":["post-1382","post","type-post","status-publish","format-standard","has-post-thumbnail","hentry","category-vie-associative"],"_links":{"self":[{"href":"http:\/\/mairie-baneins.fr\/wordpress\/index.php?rest_route=\/wp\/v2\/posts\/1382","targetHints":{"allow":["GET"]}}],"collection":[{"href":"http:\/\/mairie-baneins.fr\/wordpress\/index.php?rest_route=\/wp\/v2\/posts"}],"about":[{"href":"http:\/\/mairie-baneins.fr\/wordpress\/index.php?rest_route=\/wp\/v2\/types\/post"}],"author":[{"embeddable":true,"href":"http:\/\/mairie-baneins.fr\/wordpress\/index.php?rest_route=\/wp\/v2\/users\/1"}],"replies":[{"embeddable":true,"href":"http:\/\/mairie-baneins.fr\/wordpress\/index.php?rest_route=%2Fwp%2Fv2%2Fcomments&post=1382"}],"version-history":[{"count":3,"href":"http:\/\/mairie-baneins.fr\/wordpress\/index.php?rest_route=\/wp\/v2\/posts\/1382\/revisions"}],"predecessor-version":[{"id":1386,"href":"http:\/\/mairie-baneins.fr\/wordpress\/index.php?rest_route=\/wp\/v2\/posts\/1382\/revisions\/1386"}],"wp:featuredmedia":[{"embeddable":true,"href":"http:\/\/mairie-baneins.fr\/wordpress\/index.php?rest_route=\/wp\/v2\/media\/1383"}],"wp:attachment":[{"href":"http:\/\/mairie-baneins.fr\/wordpress\/index.php?rest_route=%2Fwp%2Fv2%2Fmedia&parent=1382"}],"wp:term":[{"taxonomy":"category","embeddable":true,"href":"http:\/\/mairie-baneins.fr\/wordpress\/index.php?rest_route=%2Fwp%2Fv2%2Fcategories&post=1382"},{"taxonomy":"post_tag","embeddable":true,"href":"http:\/\/mairie-baneins.fr\/wordpress\/index.php?rest_route=%2Fwp%2Fv2%2Ftags&post=1382"}],"curies":[{"name":"wp","href":"https:\/\/api.w.org\/{rel}","templated":true}]}}