{"id":160,"date":"2010-11-11T16:00:38","date_gmt":"2010-11-11T15:00:38","guid":{"rendered":""},"modified":"2022-02-13T19:21:29","modified_gmt":"2022-02-13T18:21:29","slug":"leglise-de-baneins","status":"publish","type":"post","link":"http:\/\/mairie-baneins.fr\/wordpress\/?p=160","title":{"rendered":"L&#8217;\u00e9glise de Baneins"},"content":{"rendered":"<p><iframe loading=\"lazy\" src=\"https:\/\/www.youtube.com\/embed\/te2qKj_fYKo?list=PLcyrf6uHCtMTGYQdbu54IllzdEftA-DJZ&amp;controls=0&amp;showinfo=0\" width=\"560\" height=\"315\" frameborder=\"0\" allowfullscreen=\"allowfullscreen\"><\/iframe><\/p>\n<p>QUELQUES ELEMENTS POUR VISITER L\u2019EGLISE DE BANEINS\u00a0:<\/p>\n<p>Une \u00e9glise qui date du XII\u00e8me si\u00e8cle\u00a0:<\/p>\n<p>Le plus vieux document qui fait r\u00e9f\u00e9rence \u00e0 l\u2019\u00e9glise, date de 1153. D\u00e9j\u00e0 plac\u00e9 sous le vocable de St Martin celle-ci est alors le lieu de culte de la paroisse d\u2019Antanens qui appartient \u00e0 la seigneurie de Baneins. Le village porte alors le nom de la paroisse.<\/p>\n<p>Du XVe au XVIIIe si\u00e8cle, les quelques textes qui nous sont parvenus pr\u00e9sentent surtout les probl\u00e8mes d\u2019entretien ou d\u2019absence de mobilier en particulier les fonts baptismaux qui feront d\u00e9faut jusqu\u2019\u00e0 la fin du XVIIe s. Vous pouvez les admirer scell\u00e9s \u00e0 gauche de l\u2019entr\u00e9e.<\/p>\n<p>A la lecture de ces dol\u00e9ances on s\u2019aper\u00e7oit de la pauvret\u00e9 de ces paroisses de campagne qui ont du mal \u00e0 payer les r\u00e9parations o\u00f9 les am\u00e9nagements. Ce sont les cur\u00e9s en place qui \u00e0 force de plaintes arrivent parfois \u00e0 am\u00e9liorer la situation, comme en 1782 o\u00f9 il faudra l\u2019arbitrage de l\u2019intendant du roi pour que des travaux de restauration soient entrepris (murs blanchis, r\u00e9paration du mobilier et des lambris\u2026) dont la galonni\u00e8re de l\u2019entr\u00e9e ouest qui perdurera ainsi jusqu\u2019en 1831 (sorte de pr\u00e9au abritant l\u2019entr\u00e9e-cf dessins).<\/p>\n<p>D\u2019importants travaux au XIX\u00e8me s\u00a0:<\/p>\n<p>Au XIX\u00e8 s a lieu la plus grande campagne de travaux.<\/p>\n<p>-Des cloches sont command\u00e9es en 1825 et 1838.<\/p>\n<p>-Des travaux de consolidation et de salubrit\u00e9s sont faits en 1829 avec la construction de la sacristie qui vient renforcer les contreforts d\u2019un mur en d\u00e9vers.<\/p>\n<p>-Mais c\u2019est surtout en 1859 qu\u2019interviennent les travaux d\u2019agrandissement et de r\u00e9novation qui vont donner \u00e0 l\u2019\u00e9glise son allure actuelle. C\u2019est \u00e0 cette \u00e9poque que l\u2019abb\u00e9 Taconnet va r\u00e9aliser les peintures murales et la vo\u00fbte (fresques du XIV\u00e8-XV\u00e8 si\u00e8cles mises \u00e0 part).<\/p>\n<p>Ces travaux ont respect\u00e9 le plan roman d\u2019origine malgr\u00e9 la destruction du clocher \u00e0 la R\u00e9volution et sa reconstruction lors de l\u2019agrandissement de l\u2019\u00e9glise.<\/p>\n<p>A l\u2019ext\u00e9rieur on peut remarquer ces diff\u00e9rents travaux sur les fa\u00e7ades lat\u00e9rales\u00a0: la ma\u00e7onnerie en galets et carrons, mat\u00e9riaux typiques de la Dombes constituent la partie la plus ancienne, alors que l\u2019agrandissement du XIX\u00e8me si\u00e8cle est en pierre. On observe \u00e9galement l\u2019ajout de contreforts, le rebouchage des anciennes ouvertures et leur remplacement par les baies actuelles, plus basses et plus grandes on peut aussi deviner par les renforts pr\u00e9sents, la situation de l\u2019ancien clocher au dessus du transept. L\u2019abside et le soin apport\u00e9 \u00e0 ses vitraux et mat\u00e9riaux est \u00e9galement \u00e0 admirer en contournant le b\u00e2timent.<\/p>\n<p>En 1969, une nouvelle campagne de travaux restaurera l\u2019ensemble de l\u2019\u00e9difice ainsi que les vitraux et les autels.<\/p>\n<p>Symbole de ces travaux \u00a0successifs, le portail d\u2019entr\u00e9e montre des \u00e9l\u00e9ments de l\u2019\u00e9glise originale comme les deux chapiteaux du XII\u00e8 s, alors que le tympan qui figure Saint Martin date de 1869, c\u2019est l\u2019\u0153uvre du p\u00e8re Richter alors cur\u00e9 de Saint Laurent.<\/p>\n<p>Dans l\u2019\u00e9glise sont \u00e0 remarquer\u00a0:<\/p>\n<p>-Les fresques sur le mur de l\u2019abside du XIV-XV\u00e8me s qui repr\u00e9sentent tr\u00e8s certainement une Annonciation.<\/p>\n<p>-L\u2019abside en cul de four et sa fresque du XIX\u00e8me repr\u00e9sentant le Christ en Majest\u00e9.<\/p>\n<p>-la piscine\u00a0: petite niche au fond du c\u0153ur qui servait \u00e0 vider l\u2019eau et le vin de messe apr\u00e8s l\u2019office.<\/p>\n<p>-Une litre fun\u00e9raire (bande noire) qui coure dans le c\u0153ur et qui servaient \u00e0 mat\u00e9rialiser le deuil lors du d\u00e9c\u00e8s du seigneur. Les croix de cons\u00e9cration de l\u2019\u00e9difice qui sont peintes au dessus.<\/p>\n<p>-Des armoiries, certainement de la famille Du Saix \u00e0 l\u2019int\u00e9rieur des piliers.<\/p>\n<p>-Le mobilier, en particulier le Christ en croix (nomm\u00e9e aussi \u00ab\u00a0sur une poutre de gloire\u00a0\u00bb).<\/p>\n<p>-Les vitraux, dont un oculus sur la fa\u00e7ade ouest par lequel le soleil entre en fin de journ\u00e9e pour illuminer le b\u00e2timent.<\/p>\n<p>-Le portail avec son tympan du XIX\u00e8me si\u00e8cle repr\u00e9sentant le Saint patron du lieu : St Martin ainsi que les piliers qui sont un r\u00e9emploi du portail du XII\u00e8me si\u00e8cle avec leurs personnages grotesques qui figurent certainement un homme et une femme.Nous vous souhaitons une agr\u00e9able visite.<\/p>\n<p>&nbsp;<\/p>\n<p>&nbsp;<\/p>\n<p>Reconstitution de l\u2019\u00e9glise originelle r\u00e9alis\u00e9e par Ren\u00e9 Vernay<\/p>\n<p>&nbsp;<\/p>\n<p>&nbsp;<\/p>\n<p>L\u2019\u00e9glise au d\u00e9but du XIX\u00e8me si\u00e8cle et telle que nous la connaissons aujourd\u2019hui.<\/p>\n","protected":false},"excerpt":{"rendered":"<p>QUELQUES ELEMENTS POUR VISITER L\u2019EGLISE DE BANEINS\u00a0: Une \u00e9glise qui date du XII\u00e8me si\u00e8cle\u00a0: Le plus vieux document qui fait r\u00e9f\u00e9rence \u00e0 l\u2019\u00e9glise, date de 1153. D\u00e9j\u00e0 plac\u00e9 sous le vocable de St Martin celle-ci est alors le lieu de culte de la paroisse d\u2019Antanens qui appartient \u00e0 la seigneurie de Baneins. Le village porte [&hellip;]<\/p>\n","protected":false},"author":1,"featured_media":0,"comment_status":"open","ping_status":"open","sticky":false,"template":"","format":"standard","meta":{"footnotes":""},"categories":[2640],"tags":[],"class_list":["post-160","post","type-post","status-publish","format-standard","hentry","category-patrimoine"],"_links":{"self":[{"href":"http:\/\/mairie-baneins.fr\/wordpress\/index.php?rest_route=\/wp\/v2\/posts\/160","targetHints":{"allow":["GET"]}}],"collection":[{"href":"http:\/\/mairie-baneins.fr\/wordpress\/index.php?rest_route=\/wp\/v2\/posts"}],"about":[{"href":"http:\/\/mairie-baneins.fr\/wordpress\/index.php?rest_route=\/wp\/v2\/types\/post"}],"author":[{"embeddable":true,"href":"http:\/\/mairie-baneins.fr\/wordpress\/index.php?rest_route=\/wp\/v2\/users\/1"}],"replies":[{"embeddable":true,"href":"http:\/\/mairie-baneins.fr\/wordpress\/index.php?rest_route=%2Fwp%2Fv2%2Fcomments&post=160"}],"version-history":[{"count":6,"href":"http:\/\/mairie-baneins.fr\/wordpress\/index.php?rest_route=\/wp\/v2\/posts\/160\/revisions"}],"predecessor-version":[{"id":1275,"href":"http:\/\/mairie-baneins.fr\/wordpress\/index.php?rest_route=\/wp\/v2\/posts\/160\/revisions\/1275"}],"wp:attachment":[{"href":"http:\/\/mairie-baneins.fr\/wordpress\/index.php?rest_route=%2Fwp%2Fv2%2Fmedia&parent=160"}],"wp:term":[{"taxonomy":"category","embeddable":true,"href":"http:\/\/mairie-baneins.fr\/wordpress\/index.php?rest_route=%2Fwp%2Fv2%2Fcategories&post=160"},{"taxonomy":"post_tag","embeddable":true,"href":"http:\/\/mairie-baneins.fr\/wordpress\/index.php?rest_route=%2Fwp%2Fv2%2Ftags&post=160"}],"curies":[{"name":"wp","href":"https:\/\/api.w.org\/{rel}","templated":true}]}}