{"id":682,"date":"2014-08-20T21:47:00","date_gmt":"2014-08-20T20:47:00","guid":{"rendered":"http:\/\/mairie-baneins.fr\/wordpress\/?p=682"},"modified":"2016-11-30T23:04:46","modified_gmt":"2016-11-30T22:04:46","slug":"plate-forme-de-compostage-et-de-bois-plaquettes","status":"publish","type":"post","link":"http:\/\/mairie-baneins.fr\/wordpress\/?p=682","title":{"rendered":"Plate forme de compostage et de bois plaquettes"},"content":{"rendered":"<p><strong><em>D\u00e9couverte de la SARL DCR 01, plate forme de compostage et de production de bois-\u00e9nergie domicili\u00e9e \u00e0 Baneins.<\/em><\/strong><br \/>\n<a href=\"http:\/\/mairie-baneins.fr\/wordpress\/wp-content\/uploads\/2014\/08\/100_3159.jpg\"><img loading=\"lazy\" decoding=\"async\" class=\"alignleft size-medium wp-image-683\" src=\"http:\/\/mairie-baneins.fr\/wordpress\/wp-content\/uploads\/2014\/08\/100_3159-300x225.jpg\" alt=\"100_3159\" width=\"300\" height=\"225\" srcset=\"http:\/\/mairie-baneins.fr\/wordpress\/wp-content\/uploads\/2014\/08\/100_3159-300x225.jpg 300w, http:\/\/mairie-baneins.fr\/wordpress\/wp-content\/uploads\/2014\/08\/100_3159-1024x768.jpg 1024w, http:\/\/mairie-baneins.fr\/wordpress\/wp-content\/uploads\/2014\/08\/100_3159-200x150.jpg 200w, http:\/\/mairie-baneins.fr\/wordpress\/wp-content\/uploads\/2014\/08\/100_3159-150x112.jpg 150w\" sizes=\"auto, (max-width: 300px) 100vw, 300px\" \/><\/a><\/p>\n<p>Interview r\u00e9alis\u00e9e aupr\u00e8s de Jean-Marc Dubost g\u00e9rant de la soci\u00e9t\u00e9 (et premier adjoint \u00e0 Baneins.)<\/p>\n<p><strong>Le contexte<br \/>\n<\/strong>Aujourd&#8217;hui chaque citoyen produit des d\u00e9chets que l&#8217;on doit traiter en masse puisqu&#8217;ils sont concentr\u00e9s dans des points de collecte. Ce genre d&#8217;installation r\u00e9pond donc \u00e0 une demande citoyenne et \u00e0 un besoin, celui de traiter et de valoriser ces tonnes de d\u00e9chets verts.<br \/>\n<strong>L&#8217;historique du projet<br \/>\n<\/strong>Dans les ann\u00e9es 2000 je me suis interrog\u00e9 sur la mani\u00e8re dont je pouvais \u00e9pandre les lisiers en ma\u00eetrisant les odeurs donc, j&#8217;ai cherch\u00e9 plusieurs solutions, compostage \u00e0 base de paille, m\u00e9lange de paille avec du lisier, enfouissement, et en faisant des essais de m\u00e9lange la chambre d&#8217;agriculture m&#8217;a orient\u00e9 vers les d\u00e9chets verts. J&#8217;ai travaill\u00e9 \u00e0 l&#8217;\u00e9poque avec LBDI qui recherchaient une source azot\u00e9e \u00e0 m\u00e9langer avec ses d\u00e9chets verts : l&#8217;exp\u00e9rience n&#8217;a pas \u00e9t\u00e9 concluante pour diverses raisons et elle s&#8217;est arr\u00eat\u00e9e. Je me retrouvais donc avec 6000 m\u00e8tres carr\u00e9s de bitume au milieu de mes terres.<br \/>\nEn parall\u00e8le de cela il y avait une recherche de sites pour traiter les d\u00e9chets verts dans le p\u00e9rim\u00e8tre d&#8217;action du Sytraival. C&#8217;est comme cela que j&#8217;ai mont\u00e9 cette activit\u00e9 en 2008 avec la SARL Ain Environnement compos\u00e9e de deux associ\u00e9s : Olivier Carlet qui s&#8217;occupe des relations commerciales, et Philippe Reynaud qui s&#8217;occupe de toute la m\u00e9canique des machines aussi bien les broyeurs que les trieurs&#8230;etc. Pour ma part j&#8217;assure la g\u00e9rance du site, les facturations, l&#8217;organisation des transports et nous employons un salari\u00e9 sur le site.<\/p>\n<p><strong>Le circuit du d\u00e9chet vert<\/strong><\/p>\n<p>Les d\u00e9chets proviennent des d\u00e9chetteries (Francheleins, Saint jean sur Veyle, Saint Etienne sur Chalaronne, Belleville Sur Saone et Chatillon sur Chalaronne) ou d&#8217;entreprises comme Quinson Fonlupt&#8230; Le but \u00e9tant qu&#8217;il y ait le moins de transport possible.<br \/>\nLe d\u00e9chet vert arrive, il est broy\u00e9 le plus rapidement possible pour qu&#8217;il n&#8217;y ait pas de fermentation ana\u00e9robie qui d\u00e9marre, le but du compostage \u00e9tant une fermentation a\u00e9robie. Il est donc broy\u00e9 dans les 8 \u00e0 15 jours apr\u00e8s son arriv\u00e9e, mis en endain sur les syst\u00e8mes de compostage avec a\u00e9ration forc\u00e9e pendant un mois avec des phases d&#8217;arrosage (sauf en hiver). Apr\u00e8s sortie des endains, soit mise en tas pour poursuivre la fermentation (ce qui est optimum), soit tri imm\u00e9diat puis mise en tas pour la phase de maturation avec plusieurs brassages possibles.<\/p>\n<p>Au moment du tri, on sort, selon les machines deux ou trois produits, l&#8217;id\u00e9al \u00e9tant les trois produits :<br \/>\n&#8211;<strong> le fin<\/strong> qui part en compost pour l&#8217;agricole, l&#8217;horticole, la p\u00e9pini\u00e8re et les particuliers<br \/>\n&#8211; le produit du milieu que l&#8217;on appelle <strong>le mulch<\/strong>, qui lui, est incorpor\u00e9 dans les chaufferies bois( c&#8217;est ce que l&#8217;on appelle le bois A, de classe sup\u00e9rieure sans additif type peinture, vernis ou autres adjuvants)<br \/>\n&#8211; <strong>le grossier<\/strong> qui part \u00e9galement en chaufferie mais qui peut \u00eatre m\u00e9lang\u00e9 avec du bois cat\u00e9gorie B (ce sont des chaufferies diff\u00e9rente \u00e9quip\u00e9es de filtres)<\/p>\n<p>En plus de cette activit\u00e9 compost, nous avons d\u00e9velopp\u00e9 deux activit\u00e9s bois-\u00e9nergie :<br \/>\n&#8211; une activit\u00e9 avec du bois A donc sans adjuvant, o\u00f9 l&#8217;on m\u00e9lange des palettes tri\u00e9es sans adjuvant, des troncs broy\u00e9s et le mulch du compost.<br \/>\n&#8211; Une activit\u00e9 avec du bois B, de la palette avec adjuvant qui est broy\u00e9e sur le site.<\/p>\n<p><strong>Une technologie avanc\u00e9e<\/strong><\/p>\n<p>Depuis un an, un syst\u00e8me permettant l&#8217;optimisation du compostage et une diminution des nuisances olfactives a \u00e9t\u00e9 mis en place.<br \/>\nApr\u00e8s broyage et mise en endain du futur compost, une sonde de temp\u00e9rature est plac\u00e9e dans le tas et guide des temps d&#8217;a\u00e9ration forc\u00e9e, le but \u00e9tant d&#8217;amener de l&#8217;oxyg\u00e8ne de fa\u00e7on optimum de mani\u00e8re \u00e0 avoir une temp\u00e9rature la plus constante possible (toujours au dessus de 65\u00b0C dans le tas). Si la temp\u00e9rature baisse, on insufle de l&#8217;oxyg\u00e8ne de mani\u00e8re \u00e0 relancer la fermentation. En parral\u00e8le il y a un pilotage de l&#8217;arrosage en fonction de l&#8217;humidit\u00e9. Le tas est arros\u00e9 pendant la premi\u00e8re semaine, ensuite on g\u00e8re seulement la temp\u00e9rature. Ce syst\u00e8me \u00e9vite le brassage (au godet) des tas pendant la fermentation, et \u00e9vite les zones de fermentation ana\u00e9robie qui d\u00e9gagent des mauvaises odeurs et baisse la qualit\u00e9 du compost.<br \/>\nEn installant ce syst\u00e8me, le c\u00f4ut de traitement \u00e0 la tonne a forc\u00e9ment augment\u00e9, par contre on a diminu\u00e9 le temps de fermentation et on ma\u00eetrise mieux les flux.<\/p>\n<p><strong>Du bon compost&#8230;<\/strong><br \/>\nUn suivi est effectu\u00e9 par la chambre d&#8217;agriculture avec 4 pr\u00e9l\u00e8vements par an pour mesurer la qualit\u00e9 du compost, car il doit \u00eatre normalis\u00e9 en tant qu&#8217;amendement organique . Ces analyses nous donnent une valeur agronomique et une recherche d\u2019\u00e9l\u00e9ments traces ind\u00e9sirables que l&#8217;on pourrait retrouver dedans.<\/p>\n<p><strong>Pour qui ?<br \/>\n<\/strong>Le compost fin repart en priorit\u00e9 vers les agriculteurs, pour l&#8217;instant surtout chez moi (on peut consid\u00e9rer que 20 tonnes de compost correspondent \u00e0 60 ou 70 tonnes de fumier selon la qualit\u00e9 du fumier), il part \u00e9galement vers les p\u00e9pini\u00e9ristes et une petite part chez les particuliers.<\/p>\n<p><strong>Et le bois \u00e9nergie ?<\/strong><br \/>\nIl part dans des chaufferies industrielles, par exemple la chaufferie de Bourg en Bresse qui chauffe un quartier et la piscine \u201ccarr\u00e9 d&#8217;eau\u201d (deux camions de 100 m3 par jour).<br \/>\nLe bois-\u00e9nergie de cat\u00e9gorie B part, quant \u00e0 lui, dans des chaufferies \u00e9quip\u00e9es de filtres sp\u00e9ciaux (Bourgogne).<\/p>\n<p><strong>En quelques chiffres<\/strong><\/p>\n<p>4000 tonnes de bois transform\u00e9s chaque ann\u00e9e<br \/>\n4000 tonnes de d\u00e9chets verts<br \/>\n1000 tonnes de compost fin<br \/>\n700 tonnes de mulch<br \/>\n700 tonnes de grossier<\/p>\n<h1>Emploi<\/h1>\n<p>Un salari\u00e9 \u00e0 plein temps sur la plateforme.<\/p>\n<p>Un \u00e0 deux emplois indirect entre les chauffeurs de camions , les cuaffeurs de broyeurs , trieurs \u2026..<\/p>\n","protected":false},"excerpt":{"rendered":"<p>D\u00e9couverte de la SARL DCR 01, plate forme de compostage et de production de bois-\u00e9nergie domicili\u00e9e \u00e0 Baneins. Interview r\u00e9alis\u00e9e aupr\u00e8s de Jean-Marc Dubost g\u00e9rant de la soci\u00e9t\u00e9 (et premier adjoint \u00e0 Baneins.) Le contexte Aujourd&#8217;hui chaque citoyen produit des d\u00e9chets que l&#8217;on doit traiter en masse puisqu&#8217;ils sont concentr\u00e9s dans des points de collecte. [&hellip;]<\/p>\n","protected":false},"author":1,"featured_media":686,"comment_status":"open","ping_status":"open","sticky":false,"template":"","format":"standard","meta":{"footnotes":""},"categories":[81],"tags":[],"class_list":["post-682","post","type-post","status-publish","format-standard","has-post-thumbnail","hentry","category-vie-economique"],"_links":{"self":[{"href":"http:\/\/mairie-baneins.fr\/wordpress\/index.php?rest_route=\/wp\/v2\/posts\/682","targetHints":{"allow":["GET"]}}],"collection":[{"href":"http:\/\/mairie-baneins.fr\/wordpress\/index.php?rest_route=\/wp\/v2\/posts"}],"about":[{"href":"http:\/\/mairie-baneins.fr\/wordpress\/index.php?rest_route=\/wp\/v2\/types\/post"}],"author":[{"embeddable":true,"href":"http:\/\/mairie-baneins.fr\/wordpress\/index.php?rest_route=\/wp\/v2\/users\/1"}],"replies":[{"embeddable":true,"href":"http:\/\/mairie-baneins.fr\/wordpress\/index.php?rest_route=%2Fwp%2Fv2%2Fcomments&post=682"}],"version-history":[{"count":3,"href":"http:\/\/mairie-baneins.fr\/wordpress\/index.php?rest_route=\/wp\/v2\/posts\/682\/revisions"}],"predecessor-version":[{"id":687,"href":"http:\/\/mairie-baneins.fr\/wordpress\/index.php?rest_route=\/wp\/v2\/posts\/682\/revisions\/687"}],"wp:featuredmedia":[{"embeddable":true,"href":"http:\/\/mairie-baneins.fr\/wordpress\/index.php?rest_route=\/wp\/v2\/media\/686"}],"wp:attachment":[{"href":"http:\/\/mairie-baneins.fr\/wordpress\/index.php?rest_route=%2Fwp%2Fv2%2Fmedia&parent=682"}],"wp:term":[{"taxonomy":"category","embeddable":true,"href":"http:\/\/mairie-baneins.fr\/wordpress\/index.php?rest_route=%2Fwp%2Fv2%2Fcategories&post=682"},{"taxonomy":"post_tag","embeddable":true,"href":"http:\/\/mairie-baneins.fr\/wordpress\/index.php?rest_route=%2Fwp%2Fv2%2Ftags&post=682"}],"curies":[{"name":"wp","href":"https:\/\/api.w.org\/{rel}","templated":true}]}}