{"id":74,"date":"2009-07-01T21:42:33","date_gmt":"2009-07-01T20:42:33","guid":{"rendered":""},"modified":"2017-06-09T21:15:26","modified_gmt":"2017-06-09T20:15:26","slug":"lamicale-des-retraites","status":"publish","type":"post","link":"http:\/\/mairie-baneins.fr\/wordpress\/?p=74","title":{"rendered":"L&#8217;amicale des retrait\u00e9s"},"content":{"rendered":"<p>Pr\u00e9sidence : Monsieur Pierre RAPHANEL &#8211; T\u00e9l : 04 74 55 26 50.<\/p>\n<p>&nbsp;<\/p>\n<p>&nbsp;<\/p>\n<p>L&#8217;amicale compte 52 adh\u00e9rents. Ils se r\u00e9unissent \u00e0 la salle des f\u00eates le deuxi\u00e8me mercredi de chaque mois et les membres du bureau organisent tout au long de l&#8217;ann\u00e9e des sorties, concours de coinche, etc&#8230;<\/p>\n","protected":false},"excerpt":{"rendered":"<p>Pr\u00e9sidence : Monsieur Pierre RAPHANEL &#8211; T\u00e9l : 04 74 55 26 50. &nbsp; &nbsp; L&#8217;amicale compte 52 adh\u00e9rents. Ils se r\u00e9unissent \u00e0 la salle des f\u00eates le deuxi\u00e8me mercredi de chaque mois et les membres du bureau organisent tout au long de l&#8217;ann\u00e9e des sorties, concours de coinche, etc&#8230;<\/p>\n","protected":false},"author":1,"featured_media":0,"comment_status":"open","ping_status":"open","sticky":false,"template":"","format":"standard","meta":{"footnotes":""},"categories":[56],"tags":[63],"class_list":["post-74","post","type-post","status-publish","format-standard","hentry","category-vie-associative","tag-maire"],"_links":{"self":[{"href":"http:\/\/mairie-baneins.fr\/wordpress\/index.php?rest_route=\/wp\/v2\/posts\/74","targetHints":{"allow":["GET"]}}],"collection":[{"href":"http:\/\/mairie-baneins.fr\/wordpress\/index.php?rest_route=\/wp\/v2\/posts"}],"about":[{"href":"http:\/\/mairie-baneins.fr\/wordpress\/index.php?rest_route=\/wp\/v2\/types\/post"}],"author":[{"embeddable":true,"href":"http:\/\/mairie-baneins.fr\/wordpress\/index.php?rest_route=\/wp\/v2\/users\/1"}],"replies":[{"embeddable":true,"href":"http:\/\/mairie-baneins.fr\/wordpress\/index.php?rest_route=%2Fwp%2Fv2%2Fcomments&post=74"}],"version-history":[{"count":6,"href":"http:\/\/mairie-baneins.fr\/wordpress\/index.php?rest_route=\/wp\/v2\/posts\/74\/revisions"}],"predecessor-version":[{"id":1252,"href":"http:\/\/mairie-baneins.fr\/wordpress\/index.php?rest_route=\/wp\/v2\/posts\/74\/revisions\/1252"}],"wp:attachment":[{"href":"http:\/\/mairie-baneins.fr\/wordpress\/index.php?rest_route=%2Fwp%2Fv2%2Fmedia&parent=74"}],"wp:term":[{"taxonomy":"category","embeddable":true,"href":"http:\/\/mairie-baneins.fr\/wordpress\/index.php?rest_route=%2Fwp%2Fv2%2Fcategories&post=74"},{"taxonomy":"post_tag","embeddable":true,"href":"http:\/\/mairie-baneins.fr\/wordpress\/index.php?rest_route=%2Fwp%2Fv2%2Ftags&post=74"}],"curies":[{"name":"wp","href":"https:\/\/api.w.org\/{rel}","templated":true}]}}