{"id":7947,"date":"2025-09-02T17:52:23","date_gmt":"2025-09-02T16:52:23","guid":{"rendered":"https:\/\/mairie-baneins.fr\/wordpress\/?p=7947"},"modified":"2025-09-02T18:01:57","modified_gmt":"2025-09-02T17:01:57","slug":"plu-2025","status":"publish","type":"post","link":"http:\/\/mairie-baneins.fr\/wordpress\/?p=7947","title":{"rendered":"PLU 2025"},"content":{"rendered":"\n<p>Rapport d&#8217;enqu\u00eate et conclusions motiv\u00e9es du commissaire enqu\u00eateur suite \u00e0 l&#8217;enqu\u00eate publique pour la r\u00e9daction du PLU.<\/p>\n\n\n\n<div data-wp-interactive=\"core\/file\" class=\"wp-block-file has-white-background-color has-background\"><object data-wp-bind--hidden=\"!state.hasPdfPreview\" hidden class=\"wp-block-file__embed\" data=\"https:\/\/mairie-baneins.fr\/wordpress\/wp-content\/uploads\/2025\/09\/EP-PLU-Baneins-1.pdf\" type=\"application\/pdf\" style=\"width:100%;height:600px\" aria-label=\"Contenu embarqu\u00e9 EP PLU Baneins.\"><\/object><a id=\"wp-block-file--media-96eb1929-467c-4ead-bfb2-4c10e92dacbe\" href=\"https:\/\/mairie-baneins.fr\/wordpress\/wp-content\/uploads\/2025\/09\/EP-PLU-Baneins-1.pdf\">EP PLU Baneins<\/a><a href=\"https:\/\/mairie-baneins.fr\/wordpress\/wp-content\/uploads\/2025\/09\/EP-PLU-Baneins-1.pdf\" class=\"wp-block-file__button wp-element-button\" download aria-describedby=\"wp-block-file--media-96eb1929-467c-4ead-bfb2-4c10e92dacbe\">T\u00e9l\u00e9charger<\/a><\/div>\n","protected":false},"excerpt":{"rendered":"<p>Rapport d&#8217;enqu\u00eate et conclusions motiv\u00e9es du commissaire enqu\u00eateur suite \u00e0 l&#8217;enqu\u00eate publique pour la r\u00e9daction du PLU.<\/p>\n","protected":false},"author":1,"featured_media":0,"comment_status":"closed","ping_status":"closed","sticky":false,"template":"","format":"standard","meta":{"footnotes":""},"categories":[1,54],"tags":[],"class_list":["post-7947","post","type-post","status-publish","format-standard","hentry","category-rub1","category-vie-municipale"],"_links":{"self":[{"href":"http:\/\/mairie-baneins.fr\/wordpress\/index.php?rest_route=\/wp\/v2\/posts\/7947","targetHints":{"allow":["GET"]}}],"collection":[{"href":"http:\/\/mairie-baneins.fr\/wordpress\/index.php?rest_route=\/wp\/v2\/posts"}],"about":[{"href":"http:\/\/mairie-baneins.fr\/wordpress\/index.php?rest_route=\/wp\/v2\/types\/post"}],"author":[{"embeddable":true,"href":"http:\/\/mairie-baneins.fr\/wordpress\/index.php?rest_route=\/wp\/v2\/users\/1"}],"replies":[{"embeddable":true,"href":"http:\/\/mairie-baneins.fr\/wordpress\/index.php?rest_route=%2Fwp%2Fv2%2Fcomments&post=7947"}],"version-history":[{"count":6,"href":"http:\/\/mairie-baneins.fr\/wordpress\/index.php?rest_route=\/wp\/v2\/posts\/7947\/revisions"}],"predecessor-version":[{"id":7957,"href":"http:\/\/mairie-baneins.fr\/wordpress\/index.php?rest_route=\/wp\/v2\/posts\/7947\/revisions\/7957"}],"wp:attachment":[{"href":"http:\/\/mairie-baneins.fr\/wordpress\/index.php?rest_route=%2Fwp%2Fv2%2Fmedia&parent=7947"}],"wp:term":[{"taxonomy":"category","embeddable":true,"href":"http:\/\/mairie-baneins.fr\/wordpress\/index.php?rest_route=%2Fwp%2Fv2%2Fcategories&post=7947"},{"taxonomy":"post_tag","embeddable":true,"href":"http:\/\/mairie-baneins.fr\/wordpress\/index.php?rest_route=%2Fwp%2Fv2%2Ftags&post=7947"}],"curies":[{"name":"wp","href":"https:\/\/api.w.org\/{rel}","templated":true}]}}