{"id":33,"date":"1970-01-01T00:00:00","date_gmt":"1969-12-31T23:00:00","guid":{"rendered":""},"modified":"2017-06-09T21:09:45","modified_gmt":"2017-06-09T20:09:45","slug":"carte-didentite","status":"publish","type":"post","link":"https:\/\/mairie-baneins.fr\/wordpress\/?p=33","title":{"rendered":"Carte d&#8217;identit\u00e9"},"content":{"rendered":"<p>Descriptif des d\u00e9marches \u00e0 \u00a0suivreLa Carte Nationale d&#8217;Identit\u00e9 (C.N.I.)<\/p>\n<p>Afin de constituer votre dossier de demande de carte d&#8217;identit\u00e9, veuillez fournir :<\/p>\n<p>Dans tous les cas :<\/p>\n<p>&#8211; 2 photographies r\u00e9centes et identiques (r\u00e9pondant aux normes en vigueur),<br \/>\n&#8211; 1 justificatif de domicile (facture EDF, t\u00e9l\u00e9phone,&#8230;) datant de moins de trois mois, \u00e9tabli au nom du demandeur,<br \/>\n&#8211; Un acte de naissance (ou livret de famille),<br \/>\n&#8211; Jugement de divorce (s&#8217;il y a lieu).<\/p>\n<p>S&#8217;il s&#8217;agit d&#8217;un renouvellement :<\/p>\n<p>&#8211; Votre ancienne carte d&#8217;identit\u00e9, ou document officiel comportant une photo (permis de conduire),<br \/>\n&#8211; Un timbre fiscal de 25 \u20ac en cas de non-pr\u00e9sentation de la carte nationale d&#8217;identit\u00e9 pr\u00e9c\u00e9dente en vue de son renouvellement, quelle qu&#8217;en soit la raison (perte, vol, destruction accidentelle, etc.)<\/p>\n<p>Pour les enfants mineurs, veuillez \u00e9galement fournir :<\/p>\n<p>&#8211; Carte d&#8217;identit\u00e9 d&#8217;un des parents.<\/p>\n<p>La pr\u00e9sence d&#8217;un des parents est obligatoire pour la signature du formulaire de demande de CNI<\/p>\n<p>Dans le cas d&#8217;un enfant majeur r\u00e9sidant chez ses parents, veuillez fournir, en plus des pieces not\u00e9es ci-dessus :<\/p>\n<p>&#8211; 1 justificatif de domicile (facture EDF, t\u00e9l\u00e9phone,&#8230;) datant de moins de trois mois, \u00e9tabli au nom de l&#8217;h\u00e9bergeant,<br \/>\n&#8211; une attestation de l&#8217;hebergeant vis \u00e0 \u00a0vis de la personne qui fait la demande de CNI.<\/p>\n<p>Dans tous les cas, la pr\u00e9sence du demandeur est indispensable, pour la prise des empreintes et la signature du dossier.<\/p>\n<p>La carte d&#8217;identit\u00e9 est gratuite (sauf si vous ne pouvez pas pr\u00e9senter votre ancienne carte d&#8217;identit\u00e9, dans le cas d&#8217;une perte ou d&#8217;un vol&#8230;).<\/p>\n<p>Pour information, nous vous rappelons que la carte d&#8217;identit\u00e9doit \u00eatre obligatoirement pr\u00e9sent\u00e9e pour l&#8217;ouverture d&#8217;un compte bancaire mais \u00e9galement pour le passage d&#8217;un concours ou d&#8217;un examen scolaire, par exemple.<\/p>\n<p>Au vu des d\u00e9lais d&#8217;obtention, il est conseill\u00e9 de faire votre demande de carte d&#8217;identit\u00e9 au minimum 2 mois avant l&#8217;\u00e9v\u00e8nement.<\/p>\n<p>Pour les cas particuliers, n&#8217;h\u00e9sitez pas \u00e0 \u00a0vous renseigner au pr\u00e9alable aupr\u00e8s du secr\u00e9tariat de Mairie.<\/p>\n","protected":false},"excerpt":{"rendered":"<p>Descriptif des d\u00e9marches \u00e0 \u00a0suivreLa Carte Nationale d&#8217;Identit\u00e9 (C.N.I.) Afin de constituer votre dossier de demande de carte d&#8217;identit\u00e9, veuillez fournir : Dans tous les cas : &#8211; 2 photographies r\u00e9centes et identiques (r\u00e9pondant aux normes en vigueur), &#8211; 1 justificatif de domicile (facture EDF, t\u00e9l\u00e9phone,&#8230;) datant de moins de trois mois, \u00e9tabli au nom [&hellip;]<\/p>\n","protected":false},"author":1,"featured_media":0,"comment_status":"open","ping_status":"open","sticky":false,"template":"","format":"standard","meta":{"footnotes":""},"categories":[86],"tags":[],"class_list":["post-33","post","type-post","status-publish","format-standard","hentry","category-etat-civil"],"_links":{"self":[{"href":"https:\/\/mairie-baneins.fr\/wordpress\/index.php?rest_route=\/wp\/v2\/posts\/33","targetHints":{"allow":["GET"]}}],"collection":[{"href":"https:\/\/mairie-baneins.fr\/wordpress\/index.php?rest_route=\/wp\/v2\/posts"}],"about":[{"href":"https:\/\/mairie-baneins.fr\/wordpress\/index.php?rest_route=\/wp\/v2\/types\/post"}],"author":[{"embeddable":true,"href":"https:\/\/mairie-baneins.fr\/wordpress\/index.php?rest_route=\/wp\/v2\/users\/1"}],"replies":[{"embeddable":true,"href":"https:\/\/mairie-baneins.fr\/wordpress\/index.php?rest_route=%2Fwp%2Fv2%2Fcomments&post=33"}],"version-history":[{"count":3,"href":"https:\/\/mairie-baneins.fr\/wordpress\/index.php?rest_route=\/wp\/v2\/posts\/33\/revisions"}],"predecessor-version":[{"id":1247,"href":"https:\/\/mairie-baneins.fr\/wordpress\/index.php?rest_route=\/wp\/v2\/posts\/33\/revisions\/1247"}],"wp:attachment":[{"href":"https:\/\/mairie-baneins.fr\/wordpress\/index.php?rest_route=%2Fwp%2Fv2%2Fmedia&parent=33"}],"wp:term":[{"taxonomy":"category","embeddable":true,"href":"https:\/\/mairie-baneins.fr\/wordpress\/index.php?rest_route=%2Fwp%2Fv2%2Fcategories&post=33"},{"taxonomy":"post_tag","embeddable":true,"href":"https:\/\/mairie-baneins.fr\/wordpress\/index.php?rest_route=%2Fwp%2Fv2%2Ftags&post=33"}],"curies":[{"name":"wp","href":"https:\/\/api.w.org\/{rel}","templated":true}]}}