{"id":56,"date":"2009-06-22T16:35:10","date_gmt":"2009-06-22T15:35:10","guid":{"rendered":""},"modified":"2017-06-09T20:52:58","modified_gmt":"2017-06-09T19:52:58","slug":"demande-de-passeport","status":"publish","type":"post","link":"https:\/\/mairie-baneins.fr\/wordpress\/?p=56","title":{"rendered":"Demande de passeport"},"content":{"rendered":"<p>&nbsp;<\/p>\n<p>Suite \u00e0 \u00a0la mise en oeuvre du nouveau dispositif de d\u00e9livrance des passeports biom\u00e9triques, 24 communes ont \u00e9t\u00e9 retenues dans le d\u00e9partement de l&#8217;Ain pour d\u00e9livrer ce nouveau document.<br \/>\nVeuillez d\u00e9sormais vous adresser aupr\u00e8s de ces communes :<br \/>\n&#8211; Ch\u00e2tillon sur Chalaronne<br \/>\n&#8211; Bourg en Bresse<br \/>\n&#8211; Villars les Dombes<br \/>\n&#8211; Tr\u00e9voux &#8230;<\/p>\n","protected":false},"excerpt":{"rendered":"<p>&nbsp; Suite \u00e0 \u00a0la mise en oeuvre du nouveau dispositif de d\u00e9livrance des passeports biom\u00e9triques, 24 communes ont \u00e9t\u00e9 retenues dans le d\u00e9partement de l&#8217;Ain pour d\u00e9livrer ce nouveau document. Veuillez d\u00e9sormais vous adresser aupr\u00e8s de ces communes : &#8211; Ch\u00e2tillon sur Chalaronne &#8211; Bourg en Bresse &#8211; Villars les Dombes &#8211; Tr\u00e9voux &#8230;<\/p>\n","protected":false},"author":1,"featured_media":0,"comment_status":"open","ping_status":"open","sticky":false,"template":"","format":"standard","meta":{"footnotes":""},"categories":[86],"tags":[],"class_list":["post-56","post","type-post","status-publish","format-standard","hentry","category-etat-civil"],"_links":{"self":[{"href":"https:\/\/mairie-baneins.fr\/wordpress\/index.php?rest_route=\/wp\/v2\/posts\/56","targetHints":{"allow":["GET"]}}],"collection":[{"href":"https:\/\/mairie-baneins.fr\/wordpress\/index.php?rest_route=\/wp\/v2\/posts"}],"about":[{"href":"https:\/\/mairie-baneins.fr\/wordpress\/index.php?rest_route=\/wp\/v2\/types\/post"}],"author":[{"embeddable":true,"href":"https:\/\/mairie-baneins.fr\/wordpress\/index.php?rest_route=\/wp\/v2\/users\/1"}],"replies":[{"embeddable":true,"href":"https:\/\/mairie-baneins.fr\/wordpress\/index.php?rest_route=%2Fwp%2Fv2%2Fcomments&post=56"}],"version-history":[{"count":5,"href":"https:\/\/mairie-baneins.fr\/wordpress\/index.php?rest_route=\/wp\/v2\/posts\/56\/revisions"}],"predecessor-version":[{"id":1223,"href":"https:\/\/mairie-baneins.fr\/wordpress\/index.php?rest_route=\/wp\/v2\/posts\/56\/revisions\/1223"}],"wp:attachment":[{"href":"https:\/\/mairie-baneins.fr\/wordpress\/index.php?rest_route=%2Fwp%2Fv2%2Fmedia&parent=56"}],"wp:term":[{"taxonomy":"category","embeddable":true,"href":"https:\/\/mairie-baneins.fr\/wordpress\/index.php?rest_route=%2Fwp%2Fv2%2Fcategories&post=56"},{"taxonomy":"post_tag","embeddable":true,"href":"https:\/\/mairie-baneins.fr\/wordpress\/index.php?rest_route=%2Fwp%2Fv2%2Ftags&post=56"}],"curies":[{"name":"wp","href":"https:\/\/api.w.org\/{rel}","templated":true}]}}