{"id":69,"date":"2009-06-29T11:00:12","date_gmt":"2009-06-29T10:00:12","guid":{"rendered":""},"modified":"2017-06-09T20:50:49","modified_gmt":"2017-06-09T19:50:49","slug":"extrait-dacte-de-deces","status":"publish","type":"post","link":"https:\/\/mairie-baneins.fr\/wordpress\/?p=69","title":{"rendered":"Extrait d&#8217;acte de d\u00e9c\u00e8s"},"content":{"rendered":"<p>Pour un extrait d&#8217;acte de d\u00e9c\u00e8s Il faut s&#8217;adresser \u00e0\u00a0 la Mairie du lieu de\u00a0d\u00e9c\u00e8s ou \u00e0\u00a0 la Mairie du domicile du d\u00e9funt.<\/p>\n<p>{{Renseignements ou pi\u00e8ces \u00e0\u00a0 fournir :<br \/>\n}}<br \/>\n&#8211; Nom<br \/>\n&#8211; Pr\u00e9noms<br \/>\n&#8211; Date du d\u00e9c\u00e8s<br \/>\n&#8211; 1 enveloppe timbr\u00e9e \u00e0\u00a0 l&#8217;identit\u00e9 du demandeur.<\/p>\n","protected":false},"excerpt":{"rendered":"<p>Pour un extrait d&#8217;acte de d\u00e9c\u00e8s Il faut s&#8217;adresser \u00e0\u00a0 la Mairie du lieu de\u00a0d\u00e9c\u00e8s ou \u00e0\u00a0 la Mairie du domicile du d\u00e9funt. {{Renseignements ou pi\u00e8ces \u00e0\u00a0 fournir : }} &#8211; Nom &#8211; Pr\u00e9noms &#8211; Date du d\u00e9c\u00e8s &#8211; 1 enveloppe timbr\u00e9e \u00e0\u00a0 l&#8217;identit\u00e9 du demandeur.<\/p>\n","protected":false},"author":1,"featured_media":0,"comment_status":"open","ping_status":"open","sticky":false,"template":"","format":"standard","meta":{"footnotes":""},"categories":[86],"tags":[],"class_list":["post-69","post","type-post","status-publish","format-standard","hentry","category-etat-civil"],"_links":{"self":[{"href":"https:\/\/mairie-baneins.fr\/wordpress\/index.php?rest_route=\/wp\/v2\/posts\/69","targetHints":{"allow":["GET"]}}],"collection":[{"href":"https:\/\/mairie-baneins.fr\/wordpress\/index.php?rest_route=\/wp\/v2\/posts"}],"about":[{"href":"https:\/\/mairie-baneins.fr\/wordpress\/index.php?rest_route=\/wp\/v2\/types\/post"}],"author":[{"embeddable":true,"href":"https:\/\/mairie-baneins.fr\/wordpress\/index.php?rest_route=\/wp\/v2\/users\/1"}],"replies":[{"embeddable":true,"href":"https:\/\/mairie-baneins.fr\/wordpress\/index.php?rest_route=%2Fwp%2Fv2%2Fcomments&post=69"}],"version-history":[{"count":4,"href":"https:\/\/mairie-baneins.fr\/wordpress\/index.php?rest_route=\/wp\/v2\/posts\/69\/revisions"}],"predecessor-version":[{"id":1215,"href":"https:\/\/mairie-baneins.fr\/wordpress\/index.php?rest_route=\/wp\/v2\/posts\/69\/revisions\/1215"}],"wp:attachment":[{"href":"https:\/\/mairie-baneins.fr\/wordpress\/index.php?rest_route=%2Fwp%2Fv2%2Fmedia&parent=69"}],"wp:term":[{"taxonomy":"category","embeddable":true,"href":"https:\/\/mairie-baneins.fr\/wordpress\/index.php?rest_route=%2Fwp%2Fv2%2Fcategories&post=69"},{"taxonomy":"post_tag","embeddable":true,"href":"https:\/\/mairie-baneins.fr\/wordpress\/index.php?rest_route=%2Fwp%2Fv2%2Ftags&post=69"}],"curies":[{"name":"wp","href":"https:\/\/api.w.org\/{rel}","templated":true}]}}