{"id":73,"date":"2009-07-01T21:39:43","date_gmt":"2009-07-01T20:39:43","guid":{"rendered":""},"modified":"2017-06-09T21:12:05","modified_gmt":"2017-06-09T20:12:05","slug":"lamicale-des-boules","status":"publish","type":"post","link":"https:\/\/mairie-baneins.fr\/wordpress\/?p=73","title":{"rendered":"L&#8217;amicale des boules"},"content":{"rendered":"<p>L\u2019amicale boule, association dynamique de la commune regroupe jeunes et moins jeunes pour pratiquer le sport boule. Nous organisons une dizaine de concours ainsi qu&#8217;une rencontre avec nos amis de Savoie (Novalaise). Nous organisons \u00e9galement une soir\u00e9e dansante un loto annuel. Notre association compte une soixantaine de licenci\u00e9s. Venez nous rejoindre, une \u00e9quipe dynamique vous attend.<\/p>\n<p>Le bureau<\/p>\n<p>Le pr\u00e9sident : S\u00e9bastien Saint Cyr 06 81 85 56 87<\/p>\n<p>Vice-pr\u00e9sident : Patrice Bessard<\/p>\n<p>Tr\u00e9sorier : Michel Berthier<\/p>\n<p>Tr\u00e9sorier adjoint : Florian Serra<\/p>\n<p>Secr\u00e9taire : Didier Girard<\/p>\n<p>Secr\u00e9taire adjoint : Jean R\u00e9my Guillet<\/p>\n","protected":false},"excerpt":{"rendered":"<p>L\u2019amicale boule, association dynamique de la commune regroupe jeunes et moins jeunes pour pratiquer le sport boule. Nous organisons une dizaine de concours ainsi qu&#8217;une rencontre avec nos amis de Savoie (Novalaise). Nous organisons \u00e9galement une soir\u00e9e dansante un loto annuel. Notre association compte une soixantaine de licenci\u00e9s. Venez nous rejoindre, une \u00e9quipe dynamique vous [&hellip;]<\/p>\n","protected":false},"author":1,"featured_media":0,"comment_status":"open","ping_status":"open","sticky":false,"template":"","format":"standard","meta":{"footnotes":""},"categories":[56],"tags":[88],"class_list":["post-73","post","type-post","status-publish","format-standard","hentry","category-vie-associative","tag-conseil-municipal"],"_links":{"self":[{"href":"https:\/\/mairie-baneins.fr\/wordpress\/index.php?rest_route=\/wp\/v2\/posts\/73","targetHints":{"allow":["GET"]}}],"collection":[{"href":"https:\/\/mairie-baneins.fr\/wordpress\/index.php?rest_route=\/wp\/v2\/posts"}],"about":[{"href":"https:\/\/mairie-baneins.fr\/wordpress\/index.php?rest_route=\/wp\/v2\/types\/post"}],"author":[{"embeddable":true,"href":"https:\/\/mairie-baneins.fr\/wordpress\/index.php?rest_route=\/wp\/v2\/users\/1"}],"replies":[{"embeddable":true,"href":"https:\/\/mairie-baneins.fr\/wordpress\/index.php?rest_route=%2Fwp%2Fv2%2Fcomments&post=73"}],"version-history":[{"count":4,"href":"https:\/\/mairie-baneins.fr\/wordpress\/index.php?rest_route=\/wp\/v2\/posts\/73\/revisions"}],"predecessor-version":[{"id":1248,"href":"https:\/\/mairie-baneins.fr\/wordpress\/index.php?rest_route=\/wp\/v2\/posts\/73\/revisions\/1248"}],"wp:attachment":[{"href":"https:\/\/mairie-baneins.fr\/wordpress\/index.php?rest_route=%2Fwp%2Fv2%2Fmedia&parent=73"}],"wp:term":[{"taxonomy":"category","embeddable":true,"href":"https:\/\/mairie-baneins.fr\/wordpress\/index.php?rest_route=%2Fwp%2Fv2%2Fcategories&post=73"},{"taxonomy":"post_tag","embeddable":true,"href":"https:\/\/mairie-baneins.fr\/wordpress\/index.php?rest_route=%2Fwp%2Fv2%2Ftags&post=73"}],"curies":[{"name":"wp","href":"https:\/\/api.w.org\/{rel}","templated":true}]}}