{"id":98,"date":"2009-10-15T12:24:22","date_gmt":"2009-10-15T11:24:22","guid":{"rendered":""},"modified":"2022-02-13T19:21:14","modified_gmt":"2022-02-13T18:21:14","slug":"leglise","status":"publish","type":"post","link":"https:\/\/mairie-baneins.fr\/wordpress\/?p=98","title":{"rendered":"L&#8217;\u00e9glise"},"content":{"rendered":"<p><a href=\"http:\/\/mairie-baneins.fr\/wordpress\/wp-content\/uploads\/2014\/07\/Image001-e1405788150132.jpg\"><img loading=\"lazy\" decoding=\"async\" class=\"alignleft wp-image-426 size-full\" src=\"http:\/\/mairie-baneins.fr\/wordpress\/wp-content\/uploads\/2014\/07\/Image001-e1405788150132.jpg\" alt=\"Tympan de l'\u00e9glise de Baneins\" width=\"287\" height=\"179\" srcset=\"https:\/\/mairie-baneins.fr\/wordpress\/wp-content\/uploads\/2014\/07\/Image001-e1405788150132.jpg 287w, https:\/\/mairie-baneins.fr\/wordpress\/wp-content\/uploads\/2014\/07\/Image001-e1405788150132-240x150.jpg 240w, https:\/\/mairie-baneins.fr\/wordpress\/wp-content\/uploads\/2014\/07\/Image001-e1405788150132-150x93.jpg 150w\" sizes=\"auto, (max-width: 287px) 100vw, 287px\" \/><\/a><\/p>\n<p style=\"text-align: justify;\"><strong>L\u2019\u00e9glise, sous le vocable de Saint-Martin, avait pour collateur l\u2019abb\u00e9 d\u2019Ainay\u00a0; les religieux d\u2019Ainay poss\u00e9daient \u00e0 Athaneins un pieur\u00e9, qui leur fut confirm\u00e9, le 24 f\u00e9vrier 1152, par le pape Eug\u00e8ne III et en 1250 par le pape Innocent IV.<br class=\"autobr\" \/> La visite pastorale de 1654 signale un autel du c\u00f4t\u00e9 de l\u2019\u00e9vangile, d\u00e9di\u00e9 \u00e0 Notre-Dame, et un autre du c\u00f4t\u00e9 de l\u2019\u00e9p\u00eetre, en l\u2019honneur de saint Antoine.<br class=\"autobr\" \/> Pr\u00e8s de l\u2019\u00e9glise, existait une chapelle d\u00e9di\u00e9e \u00e0 saint Laurent. le coeur, la nef et le clocher \u00e9taient en bon \u00e9tat.<br class=\"autobr\" \/> Avant les transformations de 1861, une galonni\u00e8re, sous laquelle s\u2019est tenue en 1789 l\u2019assembl\u00e9e du Peuple, ornait l\u2019entr\u00e9e de l\u2019\u00e9glise. Les travaux ont permis l\u2019agrandissement de l\u2019\u00e9glise par une trav\u00e9e suppl\u00e9mentaire.<br class=\"autobr\" \/> Le clocher, qui devait se trouver au dessus de la trav\u00e9e du choeur, a \u00e9t\u00e9 d\u00e9truit \u00e0 la R\u00e9volution et reconstruit au dessus de l\u2019entr\u00e9e.<br class=\"autobr\" \/> Le portail du XIIe si\u00e8cle, bien conserv\u00e9, est remarquable. D\u2019abord, la porte est encadr\u00e9e de part et d\u2019autre par deux pieds droits, surmont\u00e9s de chapitaux \u00e0 bestiaire. Ensuite, entre l\u2019archivolte moulur\u00e9e et le linteau orn\u00e9 de motifs figuratifs, un tympan sculpt\u00e9 en l\u2019honneur du saint patron du lieu repr\u00e9sente saint Martin \u00e0 cheval, partageant son manteau avec un mendiant \u00e0 genoux, qui s\u2019appuie sur une b\u00e9quille(XIXe si\u00e8cle).<br class=\"autobr\" \/> A l\u2019int\u00e9rieur, une nef unique plafonn\u00e9e, \u00e0 trois trav\u00e9es de choeur. Celle-ci, vout\u00e9e d\u2019ogives, repose sur des colonnettes cylindriques. L\u2019abside, vo\u00fbt\u00e9e en cul de four, date de l\u2019\u00e9poque romane (XIIe si\u00e8cle). Elle est dot\u00e9e de cinq arcades dont trois sont munies de fen\u00eatres, mais il s\u2019agit plus probablement des anciennes agrandies et ensuite dot\u00e9es de vitraux, install\u00e9s en 1868. N\u00e9anmoins la fen\u00eatre centrale, \u00e0 l\u2019ext\u00e9rieur, para\u00eet bien \u00eatre du XIIe si\u00e8cle\u00a0; elle poss\u00e8de une courbe cern\u00e9e par une moulure qui se prolonge horizontalement jusqu\u2019aux deux contreforts, dont elle souligne le glacis. Six colonnes, avec chapiteaux sculpt\u00e9s de feuilles d\u2019acanthe, reposent sur une corniche, \u00e0 un m\u00e8tre du sol. L\u2019abside comporte des peintures \u00e0 motifs g\u00e9om\u00e9triques. Dans le ch\u0153ur, sous une frise grise, un reste de blason des du Saix (\u00e9cartel\u00e9 d\u2019or et de gueules) se devine par des peintures rouges et jaunes. Le sol de l\u2019\u00e9glise est recouvert de pierres.<\/strong><\/p>\n<p><object width=\"420\" height=\"315\"><param name=\"movie\" value=\"\/\/www.youtube.com\/v\/te2qKj_fYKo?hl=fr_FR&amp;version=3\"><\/param><param name=\"allowFullScreen\" value=\"true\"><\/param><param name=\"allowscriptaccess\" value=\"always\"><\/param><embed src=\"\/\/www.youtube.com\/v\/te2qKj_fYKo?hl=fr_FR&amp;version=3\" type=\"application\/x-shockwave-flash\" width=\"420\" height=\"315\" allowscriptaccess=\"always\" allowfullscreen=\"true\"><\/embed><\/object><\/p>\n","protected":false},"excerpt":{"rendered":"<p>L\u2019\u00e9glise, sous le vocable de Saint-Martin, avait pour collateur l\u2019abb\u00e9 d\u2019Ainay\u00a0; les religieux d\u2019Ainay poss\u00e9daient \u00e0 Athaneins un pieur\u00e9, qui leur fut confirm\u00e9, le 24 f\u00e9vrier 1152, par le pape Eug\u00e8ne III et en 1250 par le pape Innocent IV. La visite pastorale de 1654 signale un autel du c\u00f4t\u00e9 de l\u2019\u00e9vangile, d\u00e9di\u00e9 \u00e0 Notre-Dame, [&hellip;]<\/p>\n","protected":false},"author":1,"featured_media":0,"comment_status":"open","ping_status":"open","sticky":false,"template":"","format":"standard","meta":{"footnotes":""},"categories":[2640],"tags":[],"class_list":["post-98","post","type-post","status-publish","format-standard","hentry","category-patrimoine"],"_links":{"self":[{"href":"https:\/\/mairie-baneins.fr\/wordpress\/index.php?rest_route=\/wp\/v2\/posts\/98","targetHints":{"allow":["GET"]}}],"collection":[{"href":"https:\/\/mairie-baneins.fr\/wordpress\/index.php?rest_route=\/wp\/v2\/posts"}],"about":[{"href":"https:\/\/mairie-baneins.fr\/wordpress\/index.php?rest_route=\/wp\/v2\/types\/post"}],"author":[{"embeddable":true,"href":"https:\/\/mairie-baneins.fr\/wordpress\/index.php?rest_route=\/wp\/v2\/users\/1"}],"replies":[{"embeddable":true,"href":"https:\/\/mairie-baneins.fr\/wordpress\/index.php?rest_route=%2Fwp%2Fv2%2Fcomments&post=98"}],"version-history":[{"count":5,"href":"https:\/\/mairie-baneins.fr\/wordpress\/index.php?rest_route=\/wp\/v2\/posts\/98\/revisions"}],"predecessor-version":[{"id":667,"href":"https:\/\/mairie-baneins.fr\/wordpress\/index.php?rest_route=\/wp\/v2\/posts\/98\/revisions\/667"}],"wp:attachment":[{"href":"https:\/\/mairie-baneins.fr\/wordpress\/index.php?rest_route=%2Fwp%2Fv2%2Fmedia&parent=98"}],"wp:term":[{"taxonomy":"category","embeddable":true,"href":"https:\/\/mairie-baneins.fr\/wordpress\/index.php?rest_route=%2Fwp%2Fv2%2Fcategories&post=98"},{"taxonomy":"post_tag","embeddable":true,"href":"https:\/\/mairie-baneins.fr\/wordpress\/index.php?rest_route=%2Fwp%2Fv2%2Ftags&post=98"}],"curies":[{"name":"wp","href":"https:\/\/api.w.org\/{rel}","templated":true}]}}